{"id":792,"date":"2026-02-11T16:57:37","date_gmt":"2026-02-11T15:57:37","guid":{"rendered":"https:\/\/kiwidulcis.it\/?p=792"},"modified":"2026-02-13T12:08:49","modified_gmt":"2026-02-13T11:08:49","slug":"dulcis-cresce-in-italia-e-allestero-una-stagione-commerciale-oltre-le-aspettative","status":"publish","type":"post","link":"https:\/\/kiwidulcis.it\/en\/dulcis-cresce-in-italia-e-allestero-una-stagione-commerciale-oltre-le-aspettative\/","title":{"rendered":"Kiwi Dulcis cresce in Italia e all\u2019estero oltre le aspettative"},"content":{"rendered":"\t\t<div data-elementor-type=\"wp-post\" data-elementor-id=\"792\" class=\"elementor elementor-792\" data-elementor-post-type=\"post\">\n\t\t\t\t<div class=\"elementor-element elementor-element-3638b731 e-con-full e-flex e-con e-parent\" data-id=\"3638b731\" data-element_type=\"container\" data-settings=\"{&quot;background_background&quot;:&quot;classic&quot;}\">\n\t\t<div class=\"elementor-element elementor-element-452694b2 e-con-full e-flex e-con e-child\" data-id=\"452694b2\" data-element_type=\"container\">\n\t\t\t\t<div class=\"elementor-element elementor-element-278a07b8 elementor-widget elementor-widget-heading\" data-id=\"278a07b8\" data-element_type=\"widget\" data-widget_type=\"heading.default\">\n\t\t\t\t<div class=\"elementor-widget-container\">\n\t\t\t\t\t<h3 class=\"elementor-heading-title elementor-size-default\">La STAGIONE COMMERCIALE  CONSOLIDA IL TREND POSITIVO<\/h3>\t\t\t\t<\/div>\n\t\t\t\t<\/div>\n\t\t\t\t<div class=\"elementor-element elementor-element-2660fb5e elementor-widget elementor-widget-text-editor\" data-id=\"2660fb5e\" data-element_type=\"widget\" data-widget_type=\"text-editor.default\">\n\t\t\t\t<div class=\"elementor-widget-container\">\n\t\t\t\t\t\t\t\t\t<p data-start=\"392\" data-end=\"606\">La <strong>campagna commerciale 2025\/26<\/strong> si sta rivelando particolarmente positiva per <strong data-start=\"470\" data-end=\"485\">Kiwi Dulcis<\/strong>, che registra risultati superiori alle attese e consolida il proprio posizionamento nel segmento premium del kiwi verde.<\/p><p data-start=\"608\" data-end=\"826\">L\u2019aumento delle superfici coltivate e dei volumi disponibili sta accompagnando un percorso di crescita strutturato, che rafforza la presenza sul mercato italiano e sostiene lo sviluppo sui mercati esteri.\u00a0<\/p>\t\t\t\t\t\t\t\t<\/div>\n\t\t\t\t<\/div>\n\t\t\t\t<\/div>\n\t\t<div class=\"elementor-element elementor-element-37f56887 e-con-full e-flex e-con e-child\" data-id=\"37f56887\" data-element_type=\"container\" data-settings=\"{&quot;background_background&quot;:&quot;classic&quot;}\">\n\t\t\t\t<\/div>\n\t\t\t\t<\/div>\n\t\t<div class=\"elementor-element elementor-element-421f4e49 e-con-full e-flex e-con e-parent\" data-id=\"421f4e49\" data-element_type=\"container\" data-settings=\"{&quot;background_background&quot;:&quot;classic&quot;}\">\n\t\t<div class=\"elementor-element elementor-element-521014e5 e-con-full e-flex e-con e-child\" data-id=\"521014e5\" data-element_type=\"container\">\n\t\t\t\t<div class=\"elementor-element elementor-element-a941228 elementor-widget elementor-widget-heading\" data-id=\"a941228\" data-element_type=\"widget\" data-widget_type=\"heading.default\">\n\t\t\t\t<div class=\"elementor-widget-container\">\n\t\t\t\t\t<h3 class=\"elementor-heading-title elementor-size-default\">Un progetto italiano con vocazione internazionale<\/h3>\t\t\t\t<\/div>\n\t\t\t\t<\/div>\n\t\t\t\t<div class=\"elementor-element elementor-element-973fd14 elementor-widget elementor-widget-text-editor\" data-id=\"973fd14\" data-element_type=\"widget\" data-widget_type=\"text-editor.default\">\n\t\t\t\t<div class=\"elementor-widget-container\">\n\t\t\t\t\t\t\t\t\t<p data-start=\"883\" data-end=\"1197\">Dulcis, <strong>kiwi verde premium 100% italiano<\/strong> continua a distinguersi per il suo profilo gustativo unico, rafforzando anche la propria dimensione internazionale.<\/p><p data-start=\"883\" data-end=\"1197\">La variet\u00e0 \u00e8 gi\u00e0 presente in Portogallo, Spagna, Regno Unito e nei Paesi scandinavi, con partnership commerciali gi\u00e0 operative con diverse catene distributive. A questi si aggiunge ora un<strong> importante passo extra-europeo: l\u2019ingresso negli Emirati Arabi Uniti, a partire da Dubai<\/strong>, mercato strategico per i prodotti premium.<\/p><p data-start=\"883\" data-end=\"1197\">\u00a0<\/p><p>Dulcis continua a crescere, mantenendo saldo ci\u00f2 che lo rende unico: un kiwi verde premium, equilibrato, italiano e pronto a conquistare nuovi mercati.<\/p>\t\t\t\t\t\t\t\t<\/div>\n\t\t\t\t<\/div>\n\t\t\t\t<\/div>\n\t\t\t\t<\/div>\n\t\t<div class=\"elementor-element elementor-element-7fd95750 e-con-full e-flex e-con e-parent\" data-id=\"7fd95750\" data-element_type=\"container\" data-settings=\"{&quot;background_background&quot;:&quot;classic&quot;}\">\n\t\t<div class=\"elementor-element elementor-element-69a51ec0 e-con-full e-flex e-con e-child\" data-id=\"69a51ec0\" data-element_type=\"container\">\n\t\t\t\t<div class=\"elementor-element elementor-element-3737d8f elementor-widget elementor-widget-heading\" data-id=\"3737d8f\" data-element_type=\"widget\" data-widget_type=\"heading.default\">\n\t\t\t\t<div class=\"elementor-widget-container\">\n\t\t\t\t\t<h3 class=\"elementor-heading-title elementor-size-default\">FEBBRAIO: IL MESE DELLE FIERE INTERNAZIONALI<\/h3>\t\t\t\t<\/div>\n\t\t\t\t<\/div>\n\t\t\t\t<div class=\"elementor-element elementor-element-684fc751 elementor-widget elementor-widget-text-editor\" data-id=\"684fc751\" data-element_type=\"widget\" data-widget_type=\"text-editor.default\">\n\t\t\t\t<div class=\"elementor-widget-container\">\n\t\t\t\t\t\t\t\t\t<p data-start=\"1697\" data-end=\"1815\">Il percorso di crescita internazionale trova ulteriore conferma nella partecipazione alle principali fiere di settore.<\/p><p data-start=\"1817\" data-end=\"2057\">Dal <strong data-start=\"1821\" data-end=\"1845\">4 al 6 febbraio 2026<\/strong>, Dulcis ha partecipato a <strong data-start=\"1874\" data-end=\"1903\">Fruit Logistica (Berlino)<\/strong>, punto di riferimento mondiale per il comparto ortofrutticolo. Buyer e operatori hanno potuto conoscere e degustare il prodotto presso gli stand dei partner <em>Alegra, Apofruit Italia e Canova<\/em>.<\/p><p data-start=\"2184\" data-end=\"2438\">A seguire, dal <strong data-start=\"2199\" data-end=\"2225\">10 al 13 febbraio<\/strong>, Dulcis sar\u00e0 presente a <strong data-start=\"2250\" data-end=\"2274\">BIOFACH (Norimberga)<\/strong>, fiera leader mondiale per il biologico, presso lo stand di Almaverde Bio, con un focus specifico sull\u2019offerta dedicata al segmento biologico.<br \/><br \/><\/p><p data-start=\"2440\" data-end=\"2667\">La <strong>Germania rappresenta un mercato strategico<\/strong> <strong>per lo sviluppo del brand<\/strong> e le fiere internazionali sono un\u2019occasione fondamentale per consolidare il dialogo con il trade europeo e rafforzare le relazioni commerciali gi\u00e0 avviate.<\/p>\t\t\t\t\t\t\t\t<\/div>\n\t\t\t\t<\/div>\n\t\t\t\t<\/div>\n\t\t<div class=\"elementor-element elementor-element-67d447ee e-con-full e-flex e-con e-child\" data-id=\"67d447ee\" data-element_type=\"container\" data-settings=\"{&quot;background_background&quot;:&quot;classic&quot;}\">\n\t\t\t\t<\/div>\n\t\t\t\t<\/div>\n\t\t\t\t<\/div>\n\t\t","protected":false},"excerpt":{"rendered":"<p>La STAGIONE COMMERCIALE CONSOLIDA IL TREND POSITIVO La campagna commerciale 2025\/26 si sta rivelando particolarmente positiva per Kiwi [&hellip;]<\/p>\n","protected":false},"author":2,"featured_media":648,"comment_status":"closed","ping_status":"closed","sticky":false,"template":"","format":"standard","meta":{"_acf_changed":false,"footnotes":""},"categories":[1],"tags":[],"class_list":["post-792","post","type-post","status-publish","format-standard","has-post-thumbnail","hentry","category-non-categorizzato"],"acf":[],"yoast_head":"<!-- This site is optimized with the Yoast SEO plugin v27.5 - https:\/\/yoast.com\/product\/yoast-seo-wordpress\/ -->\n<title>Kiwi Dulcis cresce in Italia e all\u2019estero oltre le aspettative - Kiwi Dulcis<\/title>\n<meta name=\"robots\" content=\"index, follow, max-snippet:-1, max-image-preview:large, max-video-preview:-1\" \/>\n<link rel=\"canonical\" href=\"https:\/\/kiwidulcis.it\/dulcis-cresce-in-italia-e-allestero-una-stagione-commerciale-oltre-le-aspettative\/\" \/>\n<meta property=\"og:locale\" content=\"en_US\" \/>\n<meta property=\"og:type\" content=\"article\" \/>\n<meta property=\"og:title\" content=\"Kiwi Dulcis cresce in Italia e all\u2019estero oltre le aspettative - Kiwi Dulcis\" \/>\n<meta property=\"og:description\" content=\"La STAGIONE COMMERCIALE CONSOLIDA IL TREND POSITIVO La campagna commerciale 2025\/26 si sta rivelando particolarmente positiva per Kiwi [&hellip;]\" \/>\n<meta property=\"og:url\" content=\"https:\/\/kiwidulcis.it\/dulcis-cresce-in-italia-e-allestero-una-stagione-commerciale-oltre-le-aspettative\/\" \/>\n<meta property=\"og:site_name\" content=\"Kiwi Dulcis\" \/>\n<meta property=\"article:published_time\" content=\"2026-02-11T15:57:37+00:00\" \/>\n<meta property=\"article:modified_time\" content=\"2026-02-13T11:08:49+00:00\" \/>\n<meta property=\"og:image\" content=\"https:\/\/kiwidulcis.it\/wp-content\/uploads\/Kiwi-Dulcis-3-e1747239294794.jpg\" \/>\n\t<meta property=\"og:image:width\" content=\"1025\" \/>\n\t<meta property=\"og:image:height\" content=\"1080\" \/>\n\t<meta property=\"og:image:type\" content=\"image\/jpeg\" \/>\n<meta name=\"author\" content=\"Pubblisole\" \/>\n<meta name=\"twitter:card\" content=\"summary_large_image\" \/>\n<meta name=\"twitter:creator\" content=\"@system_cristian\" \/>\n<meta name=\"twitter:label1\" content=\"Written by\" \/>\n\t<meta name=\"twitter:data1\" content=\"Pubblisole\" \/>\n\t<meta name=\"twitter:label2\" content=\"Est. reading time\" \/>\n\t<meta name=\"twitter:data2\" content=\"2 minutes\" \/>\n<script type=\"application\/ld+json\" class=\"yoast-schema-graph\">{\"@context\":\"https:\\\/\\\/schema.org\",\"@graph\":[{\"@type\":\"Article\",\"@id\":\"https:\\\/\\\/kiwidulcis.it\\\/dulcis-cresce-in-italia-e-allestero-una-stagione-commerciale-oltre-le-aspettative\\\/#article\",\"isPartOf\":{\"@id\":\"https:\\\/\\\/kiwidulcis.it\\\/dulcis-cresce-in-italia-e-allestero-una-stagione-commerciale-oltre-le-aspettative\\\/\"},\"author\":{\"name\":\"Pubblisole\",\"@id\":\"https:\\\/\\\/kiwidulcis.it\\\/#\\\/schema\\\/person\\\/d277610aee57b74cc8e21f3bad374a4d\"},\"headline\":\"Kiwi Dulcis cresce in Italia e all\u2019estero oltre le aspettative\",\"datePublished\":\"2026-02-11T15:57:37+00:00\",\"dateModified\":\"2026-02-13T11:08:49+00:00\",\"mainEntityOfPage\":{\"@id\":\"https:\\\/\\\/kiwidulcis.it\\\/dulcis-cresce-in-italia-e-allestero-una-stagione-commerciale-oltre-le-aspettative\\\/\"},\"wordCount\":298,\"image\":{\"@id\":\"https:\\\/\\\/kiwidulcis.it\\\/dulcis-cresce-in-italia-e-allestero-una-stagione-commerciale-oltre-le-aspettative\\\/#primaryimage\"},\"thumbnailUrl\":\"https:\\\/\\\/kiwidulcis.it\\\/wp-content\\\/uploads\\\/Kiwi-Dulcis-3-e1747239294794.jpg\",\"articleSection\":[\"Non categorizzato\"],\"inLanguage\":\"en-US\"},{\"@type\":\"WebPage\",\"@id\":\"https:\\\/\\\/kiwidulcis.it\\\/dulcis-cresce-in-italia-e-allestero-una-stagione-commerciale-oltre-le-aspettative\\\/\",\"url\":\"https:\\\/\\\/kiwidulcis.it\\\/dulcis-cresce-in-italia-e-allestero-una-stagione-commerciale-oltre-le-aspettative\\\/\",\"name\":\"Kiwi Dulcis cresce in Italia e all\u2019estero oltre le aspettative - Kiwi Dulcis\",\"isPartOf\":{\"@id\":\"https:\\\/\\\/kiwidulcis.it\\\/#website\"},\"primaryImageOfPage\":{\"@id\":\"https:\\\/\\\/kiwidulcis.it\\\/dulcis-cresce-in-italia-e-allestero-una-stagione-commerciale-oltre-le-aspettative\\\/#primaryimage\"},\"image\":{\"@id\":\"https:\\\/\\\/kiwidulcis.it\\\/dulcis-cresce-in-italia-e-allestero-una-stagione-commerciale-oltre-le-aspettative\\\/#primaryimage\"},\"thumbnailUrl\":\"https:\\\/\\\/kiwidulcis.it\\\/wp-content\\\/uploads\\\/Kiwi-Dulcis-3-e1747239294794.jpg\",\"datePublished\":\"2026-02-11T15:57:37+00:00\",\"dateModified\":\"2026-02-13T11:08:49+00:00\",\"author\":{\"@id\":\"https:\\\/\\\/kiwidulcis.it\\\/#\\\/schema\\\/person\\\/d277610aee57b74cc8e21f3bad374a4d\"},\"breadcrumb\":{\"@id\":\"https:\\\/\\\/kiwidulcis.it\\\/dulcis-cresce-in-italia-e-allestero-una-stagione-commerciale-oltre-le-aspettative\\\/#breadcrumb\"},\"inLanguage\":\"en-US\",\"potentialAction\":[{\"@type\":\"ReadAction\",\"target\":[\"https:\\\/\\\/kiwidulcis.it\\\/dulcis-cresce-in-italia-e-allestero-una-stagione-commerciale-oltre-le-aspettative\\\/\"]}]},{\"@type\":\"ImageObject\",\"inLanguage\":\"en-US\",\"@id\":\"https:\\\/\\\/kiwidulcis.it\\\/dulcis-cresce-in-italia-e-allestero-una-stagione-commerciale-oltre-le-aspettative\\\/#primaryimage\",\"url\":\"https:\\\/\\\/kiwidulcis.it\\\/wp-content\\\/uploads\\\/Kiwi-Dulcis-3-e1747239294794.jpg\",\"contentUrl\":\"https:\\\/\\\/kiwidulcis.it\\\/wp-content\\\/uploads\\\/Kiwi-Dulcis-3-e1747239294794.jpg\",\"width\":1025,\"height\":1080},{\"@type\":\"BreadcrumbList\",\"@id\":\"https:\\\/\\\/kiwidulcis.it\\\/dulcis-cresce-in-italia-e-allestero-una-stagione-commerciale-oltre-le-aspettative\\\/#breadcrumb\",\"itemListElement\":[{\"@type\":\"ListItem\",\"position\":1,\"name\":\"Torna alla Home\",\"item\":\"https:\\\/\\\/kiwidulcis.it\\\/en\\\/\"},{\"@type\":\"ListItem\",\"position\":2,\"name\":\"Kiwi Dulcis cresce in Italia e all\u2019estero oltre le aspettative\"}]},{\"@type\":\"WebSite\",\"@id\":\"https:\\\/\\\/kiwidulcis.it\\\/#website\",\"url\":\"https:\\\/\\\/kiwidulcis.it\\\/\",\"name\":\"Kiwi Dulcis\",\"description\":\"Una nuova sfumatura di verde\",\"potentialAction\":[{\"@type\":\"SearchAction\",\"target\":{\"@type\":\"EntryPoint\",\"urlTemplate\":\"https:\\\/\\\/kiwidulcis.it\\\/?s={search_term_string}\"},\"query-input\":{\"@type\":\"PropertyValueSpecification\",\"valueRequired\":true,\"valueName\":\"search_term_string\"}}],\"inLanguage\":\"en-US\"},{\"@type\":\"Person\",\"@id\":\"https:\\\/\\\/kiwidulcis.it\\\/#\\\/schema\\\/person\\\/d277610aee57b74cc8e21f3bad374a4d\",\"name\":\"Pubblisole\",\"sameAs\":[\"https:\\\/\\\/pubblisole.it\",\"https:\\\/\\\/x.com\\\/system_cristian\"],\"url\":\"https:\\\/\\\/kiwidulcis.it\\\/en\\\/author\\\/pubblisole\\\/\"}]}<\/script>\n<!-- \/ Yoast SEO plugin. -->","yoast_head_json":{"title":"Kiwi Dulcis cresce in Italia e all\u2019estero oltre le aspettative - Kiwi Dulcis","robots":{"index":"index","follow":"follow","max-snippet":"max-snippet:-1","max-image-preview":"max-image-preview:large","max-video-preview":"max-video-preview:-1"},"canonical":"https:\/\/kiwidulcis.it\/dulcis-cresce-in-italia-e-allestero-una-stagione-commerciale-oltre-le-aspettative\/","og_locale":"en_US","og_type":"article","og_title":"Kiwi Dulcis cresce in Italia e all\u2019estero oltre le aspettative - Kiwi Dulcis","og_description":"La STAGIONE COMMERCIALE CONSOLIDA IL TREND POSITIVO La campagna commerciale 2025\/26 si sta rivelando particolarmente positiva per Kiwi [&hellip;]","og_url":"https:\/\/kiwidulcis.it\/dulcis-cresce-in-italia-e-allestero-una-stagione-commerciale-oltre-le-aspettative\/","og_site_name":"Kiwi Dulcis","article_published_time":"2026-02-11T15:57:37+00:00","article_modified_time":"2026-02-13T11:08:49+00:00","og_image":[{"width":1025,"height":1080,"url":"https:\/\/kiwidulcis.it\/wp-content\/uploads\/Kiwi-Dulcis-3-e1747239294794.jpg","type":"image\/jpeg"}],"author":"Pubblisole","twitter_card":"summary_large_image","twitter_creator":"@system_cristian","twitter_misc":{"Written by":"Pubblisole","Est. reading time":"2 minutes"},"schema":{"@context":"https:\/\/schema.org","@graph":[{"@type":"Article","@id":"https:\/\/kiwidulcis.it\/dulcis-cresce-in-italia-e-allestero-una-stagione-commerciale-oltre-le-aspettative\/#article","isPartOf":{"@id":"https:\/\/kiwidulcis.it\/dulcis-cresce-in-italia-e-allestero-una-stagione-commerciale-oltre-le-aspettative\/"},"author":{"name":"Pubblisole","@id":"https:\/\/kiwidulcis.it\/#\/schema\/person\/d277610aee57b74cc8e21f3bad374a4d"},"headline":"Kiwi Dulcis cresce in Italia e all\u2019estero oltre le aspettative","datePublished":"2026-02-11T15:57:37+00:00","dateModified":"2026-02-13T11:08:49+00:00","mainEntityOfPage":{"@id":"https:\/\/kiwidulcis.it\/dulcis-cresce-in-italia-e-allestero-una-stagione-commerciale-oltre-le-aspettative\/"},"wordCount":298,"image":{"@id":"https:\/\/kiwidulcis.it\/dulcis-cresce-in-italia-e-allestero-una-stagione-commerciale-oltre-le-aspettative\/#primaryimage"},"thumbnailUrl":"https:\/\/kiwidulcis.it\/wp-content\/uploads\/Kiwi-Dulcis-3-e1747239294794.jpg","articleSection":["Non categorizzato"],"inLanguage":"en-US"},{"@type":"WebPage","@id":"https:\/\/kiwidulcis.it\/dulcis-cresce-in-italia-e-allestero-una-stagione-commerciale-oltre-le-aspettative\/","url":"https:\/\/kiwidulcis.it\/dulcis-cresce-in-italia-e-allestero-una-stagione-commerciale-oltre-le-aspettative\/","name":"Kiwi Dulcis cresce in Italia e all\u2019estero oltre le aspettative - Kiwi Dulcis","isPartOf":{"@id":"https:\/\/kiwidulcis.it\/#website"},"primaryImageOfPage":{"@id":"https:\/\/kiwidulcis.it\/dulcis-cresce-in-italia-e-allestero-una-stagione-commerciale-oltre-le-aspettative\/#primaryimage"},"image":{"@id":"https:\/\/kiwidulcis.it\/dulcis-cresce-in-italia-e-allestero-una-stagione-commerciale-oltre-le-aspettative\/#primaryimage"},"thumbnailUrl":"https:\/\/kiwidulcis.it\/wp-content\/uploads\/Kiwi-Dulcis-3-e1747239294794.jpg","datePublished":"2026-02-11T15:57:37+00:00","dateModified":"2026-02-13T11:08:49+00:00","author":{"@id":"https:\/\/kiwidulcis.it\/#\/schema\/person\/d277610aee57b74cc8e21f3bad374a4d"},"breadcrumb":{"@id":"https:\/\/kiwidulcis.it\/dulcis-cresce-in-italia-e-allestero-una-stagione-commerciale-oltre-le-aspettative\/#breadcrumb"},"inLanguage":"en-US","potentialAction":[{"@type":"ReadAction","target":["https:\/\/kiwidulcis.it\/dulcis-cresce-in-italia-e-allestero-una-stagione-commerciale-oltre-le-aspettative\/"]}]},{"@type":"ImageObject","inLanguage":"en-US","@id":"https:\/\/kiwidulcis.it\/dulcis-cresce-in-italia-e-allestero-una-stagione-commerciale-oltre-le-aspettative\/#primaryimage","url":"https:\/\/kiwidulcis.it\/wp-content\/uploads\/Kiwi-Dulcis-3-e1747239294794.jpg","contentUrl":"https:\/\/kiwidulcis.it\/wp-content\/uploads\/Kiwi-Dulcis-3-e1747239294794.jpg","width":1025,"height":1080},{"@type":"BreadcrumbList","@id":"https:\/\/kiwidulcis.it\/dulcis-cresce-in-italia-e-allestero-una-stagione-commerciale-oltre-le-aspettative\/#breadcrumb","itemListElement":[{"@type":"ListItem","position":1,"name":"Torna alla Home","item":"https:\/\/kiwidulcis.it\/en\/"},{"@type":"ListItem","position":2,"name":"Kiwi Dulcis cresce in Italia e all\u2019estero oltre le aspettative"}]},{"@type":"WebSite","@id":"https:\/\/kiwidulcis.it\/#website","url":"https:\/\/kiwidulcis.it\/","name":"Kiwi Dulcis","description":"Una nuova sfumatura di verde","potentialAction":[{"@type":"SearchAction","target":{"@type":"EntryPoint","urlTemplate":"https:\/\/kiwidulcis.it\/?s={search_term_string}"},"query-input":{"@type":"PropertyValueSpecification","valueRequired":true,"valueName":"search_term_string"}}],"inLanguage":"en-US"},{"@type":"Person","@id":"https:\/\/kiwidulcis.it\/#\/schema\/person\/d277610aee57b74cc8e21f3bad374a4d","name":"Pubblisole","sameAs":["https:\/\/pubblisole.it","https:\/\/x.com\/system_cristian"],"url":"https:\/\/kiwidulcis.it\/en\/author\/pubblisole\/"}]}},"_links":{"self":[{"href":"https:\/\/kiwidulcis.it\/en\/wp-json\/wp\/v2\/posts\/792","targetHints":{"allow":["GET"]}}],"collection":[{"href":"https:\/\/kiwidulcis.it\/en\/wp-json\/wp\/v2\/posts"}],"about":[{"href":"https:\/\/kiwidulcis.it\/en\/wp-json\/wp\/v2\/types\/post"}],"author":[{"embeddable":true,"href":"https:\/\/kiwidulcis.it\/en\/wp-json\/wp\/v2\/users\/2"}],"replies":[{"embeddable":true,"href":"https:\/\/kiwidulcis.it\/en\/wp-json\/wp\/v2\/comments?post=792"}],"version-history":[{"count":13,"href":"https:\/\/kiwidulcis.it\/en\/wp-json\/wp\/v2\/posts\/792\/revisions"}],"predecessor-version":[{"id":807,"href":"https:\/\/kiwidulcis.it\/en\/wp-json\/wp\/v2\/posts\/792\/revisions\/807"}],"wp:featuredmedia":[{"embeddable":true,"href":"https:\/\/kiwidulcis.it\/en\/wp-json\/wp\/v2\/media\/648"}],"wp:attachment":[{"href":"https:\/\/kiwidulcis.it\/en\/wp-json\/wp\/v2\/media?parent=792"}],"wp:term":[{"taxonomy":"category","embeddable":true,"href":"https:\/\/kiwidulcis.it\/en\/wp-json\/wp\/v2\/categories?post=792"},{"taxonomy":"post_tag","embeddable":true,"href":"https:\/\/kiwidulcis.it\/en\/wp-json\/wp\/v2\/tags?post=792"}],"curies":[{"name":"wp","href":"https:\/\/api.w.org\/{rel}","templated":true}]}}